{"id":38200,"date":"2026-01-31T17:00:17","date_gmt":"2026-01-31T14:00:17","guid":{"rendered":"https:\/\/e-tineret.md\/?p=38200"},"modified":"2026-01-31T17:00:30","modified_gmt":"2026-01-31T14:00:30","slug":"caritas-moldova-recruiting-volunteers","status":"publish","type":"post","link":"https:\/\/e-tineret.md\/en\/caritas-moldova-recruiting-volunteers\/","title":{"rendered":"Caritas Moldova Recruiting Volunteers"},"content":{"rendered":"\n<p><strong><em>Caritas Moldova<\/em><\/strong><em> invit\u0103 persoanele interesate s\u0103-\u0219i valorifice timpul liber prin implicare \u00een activit\u0103\u021bi de voluntariat. Organiza\u021bia ofer\u0103 o oportunitate de a contribui la sprijinirea persoanelor aflate \u00een nevoie \u0219i la consolidarea comunit\u0103\u021bilor locale.<\/em><\/p>\n\n<p><strong><em>Rolul \u0219i Beneficiile Voluntarilor<\/em><\/strong><\/p>\n\n<p><em>Voluntarii recruta\u021bi vor face parte dintr-o echip\u0103 dedicat\u0103 \u0219i vor avea urm\u0103toarele responsabilit\u0103\u021bi \u0219i beneficii:<\/em><\/p>\n\n<ul class=\"wp-block-list\">\n<li><em>Implicare \u00een campanii de caritate destinate familiilor \u0219i copiilor vulnerabili.<\/em><\/li>\n\n\n\n<li><em>Participare la traininguri care dezvolt\u0103 abilit\u0103\u021bi de comunicare, organizare, empatie \u0219i leadership.<\/em><\/li>\n\n\n\n<li><em>Lucru \u00eentr-un mediu colaborativ, bazat pe solidaritate.<\/em><\/li>\n\n\n\n<li><em>C\u00e2\u0219tig de experien\u021b\u0103 practic\u0103, \u00eencredere \u0219i noi rela\u021bii sociale, oferind satisfac\u021bia contribu\u021biei la societate.<\/em><\/li>\n<\/ul>\n\n<p><strong><em>\u00cenregistrare<\/em><\/strong><\/p>\n\n<p><em>Perioada de \u00eenregistrare este deschis\u0103 \u00eentre <\/em><strong><em>27 ianuarie<\/em><\/strong><em> \u0219i <\/em><strong><em>15 februarie<\/em><\/strong><em>. Cei care doresc s\u0103 se \u00eenscrie pot completa formularul online disponibil <\/em><a href=\"https:\/\/forms.gle\/A96vvwQ2dEh1DLJ36\"><em>AICI\u00a0<\/em><\/a><\/p>\n\n<p><em>Aceasta este o oportunitate de a participa la o ini\u021biativ\u0103 util\u0103 \u0219i de a aduce o contribu\u021bie pozitiv\u0103.<\/em><\/p>\n","protected":false},"excerpt":{"rendered":"<p>Caritas Moldova invit\u0103 persoanele interesate s\u0103-\u0219i valorifice timpul liber prin implicare \u00een activit\u0103\u021bi de voluntariat. Organiza\u021bia ofer\u0103 o oportunitate de a contribui la sprijinirea persoanelor aflate \u00een nevoie \u0219i la [&hellip;]<\/p>\n","protected":false},"author":4,"featured_media":38193,"comment_status":"open","ping_status":"open","sticky":false,"template":"","format":"standard","meta":{"inline_featured_image":false,"footnotes":""},"categories":[58,1,2,56],"tags":[],"class_list":["post-38200","post","type-post","status-publish","format-standard","has-post-thumbnail","hentry","category-i-want-to-become-a-volunteer","category-news","category-noutati","category-opportunities"],"_links":{"self":[{"href":"https:\/\/e-tineret.md\/en\/wp-json\/wp\/v2\/posts\/38200","targetHints":{"allow":["GET"]}}],"collection":[{"href":"https:\/\/e-tineret.md\/en\/wp-json\/wp\/v2\/posts"}],"about":[{"href":"https:\/\/e-tineret.md\/en\/wp-json\/wp\/v2\/types\/post"}],"author":[{"embeddable":true,"href":"https:\/\/e-tineret.md\/en\/wp-json\/wp\/v2\/users\/4"}],"replies":[{"embeddable":true,"href":"https:\/\/e-tineret.md\/en\/wp-json\/wp\/v2\/comments?post=38200"}],"version-history":[{"count":2,"href":"https:\/\/e-tineret.md\/en\/wp-json\/wp\/v2\/posts\/38200\/revisions"}],"predecessor-version":[{"id":38205,"href":"https:\/\/e-tineret.md\/en\/wp-json\/wp\/v2\/posts\/38200\/revisions\/38205"}],"wp:featuredmedia":[{"embeddable":true,"href":"https:\/\/e-tineret.md\/en\/wp-json\/wp\/v2\/media\/38193"}],"wp:attachment":[{"href":"https:\/\/e-tineret.md\/en\/wp-json\/wp\/v2\/media?parent=38200"}],"wp:term":[{"taxonomy":"category","embeddable":true,"href":"https:\/\/e-tineret.md\/en\/wp-json\/wp\/v2\/categories?post=38200"},{"taxonomy":"post_tag","embeddable":true,"href":"https:\/\/e-tineret.md\/en\/wp-json\/wp\/v2\/tags?post=38200"}],"curies":[{"name":"wp","href":"https:\/\/api.w.org\/{rel}","templated":true}]}}